{"id":91,"date":"2025-10-28T10:39:36","date_gmt":"2025-10-28T09:39:36","guid":{"rendered":"https:\/\/sommersi-e-salvati.org\/?p=91"},"modified":"2025-10-28T10:50:30","modified_gmt":"2025-10-28T09:50:30","slug":"dalla-mattina-alla-sera","status":"publish","type":"post","link":"https:\/\/sommersi-e-salvati.org\/?p=91","title":{"rendered":"Dalla mattina alla sera"},"content":{"rendered":"\n<figure class=\"wp-block-image size-large\"><img loading=\"lazy\" decoding=\"async\" width=\"1024\" height=\"683\" src=\"https:\/\/sommersi-e-salvati.org\/wp-content\/uploads\/2025\/10\/ChatGPT-Image-28-ott-2025-10_44_56-1024x683.png\" alt=\"\" class=\"wp-image-93\" srcset=\"https:\/\/sommersi-e-salvati.org\/wp-content\/uploads\/2025\/10\/ChatGPT-Image-28-ott-2025-10_44_56-1024x683.png 1024w, https:\/\/sommersi-e-salvati.org\/wp-content\/uploads\/2025\/10\/ChatGPT-Image-28-ott-2025-10_44_56-300x200.png 300w, https:\/\/sommersi-e-salvati.org\/wp-content\/uploads\/2025\/10\/ChatGPT-Image-28-ott-2025-10_44_56-768x512.png 768w, https:\/\/sommersi-e-salvati.org\/wp-content\/uploads\/2025\/10\/ChatGPT-Image-28-ott-2025-10_44_56.png 1536w\" sizes=\"auto, (max-width: 1024px) 100vw, 1024px\" \/><\/figure>\n\n\n\n<p>In questi giorni sto vivendo una doppia vita.&nbsp;<\/p>\n\n\n\n<p>Le mattine insegno, come ho sempre fatto, in una classe piena di preadolescenti provenienti da qualsiasi contesto e da qualsiasi famiglia.&nbsp;<\/p>\n\n\n\n<p>Le nostre classi riuniscono ragazzi di famiglie italianissime, ragazzi nati qui da genitori migranti, ragazzi che hanno vissuto in prima persona la migrazione, ragazzi che vivono in comunit\u00e0, che hanno vissuto abbandoni e abusi, ragazzi cresciuti da genitori impegnati ad arrabattarsi per mettere in tavola una cena, genitori che programmano la settimana bianca, genitori che non sono mai stati in un museo, genitori che non sanno leggere e scrivere o che hanno due lauree.&nbsp;<\/p>\n\n\n\n<p><br>Ogni giorno questi ragazzi si radunano in grandi strutture, dove studiano con libri che i genitori possono permettersi di pagare, o che trovano con ausilii e aiuti. Quasi sempre, per fortuna, le scuole hanno a disposizione palestre, biblioteche, laboratori di informatica\u2026 noi docenti abbiamo a disposizione gratuitamente i libri di testo, perch\u00e9 le case editrici si premurano di farcene avere in grande variet\u00e0 e numero, cos\u00ec da coltivare il mercato delle adozioni.&nbsp;<\/p>\n\n\n\n<p>Nonostante questo, giustamente, da anni si sottolinea come i tagli alla scuola pubblica stiano inficiando le possibilit\u00e0 dell\u2019offerta formativa e, soprattutto, creando divari tra famiglie che possono permettersi qualcosa in pi\u00f9, e chi non pu\u00f2. Si pensi alle uscite didattiche, il cui costo grava completamente sulle spalle dell\u2019utenza, creado un\u2019impossibilit\u00e0 dolorosa per tanti e tante.&nbsp;<\/p>\n\n\n\n<p>Ecco, tutto questo sembra la terra della ricchezza e dell\u2019abbondanza rispetto a quello che vedo lavorando di sera.<\/p>\n\n\n\n<p>La sera, infatti, cambio abito ed entro nelle classi del CPIA.&nbsp;<\/p>\n\n\n\n<p>Al CPIA insegno ad adulti migranti, provenienti da luoghi disparati e distanti, di et\u00e0 differenti, con storie alle spalle accumunate solo dalla nostalgia. Persone adulte, che hanno visto e vissuto pi\u00f9 di quanto forse potr\u00f2 mai fare io, che si rimettono su banchi troppo piccoli e imparano a leggere e scrivere, a volte per la prima volta in assoluto, a volte con lauree e qualifiche alle spalle, ma in lingue del tutto diverse.&nbsp;<\/p>\n\n\n\n<p>Le mie classi del CPIA vengono ospitate proprio in una di quelle scuole medie che al mattino vengono abitate da vite del tutto diverse. Entriamo dal retro, per\u00f2, dove non c\u2019\u00e8 ascensore ma tre rampe di scale antincendio che di sera non sono illuminate. Saliamo e scendiamo con le torce dei telefoni.&nbsp;<\/p>\n\n\n\n<p>Al piano ci sono i bagni. Al mattino, per i ragazzi, vengono aperti quelli per maschi e femmine e quelli per i docenti; la sera, per noi, aprono solo quelli per i maschi.<br>I miei alunni e le mie alunne della sera a volte hanno un quaderno e una penna. Nessuno ha il libro, nemmeno io, perch\u00e9 a noi del CPIA le case editrici non li portano. Non abbiamo nemmeno fotocopie perch\u00e8 siamo una sede distaccata e per fare le fotocopie dovrei fare quaranta minuti di macchina ad andare e altrettanti a tornare per raggiungere la sede centrale.<br>Almeno le cartelle non pesano.<br>E meno male, perch\u00e9 gli alunni e le alunne spesso arrivano a piedi o in bicicletta dalle colline vicine. Se sono fortunati le biciclette sono elettriche. Per noi nessun comune organizza un trasporto pubblico coordinato con gli orari della scuola.<br><\/p>\n\n\n\n<p>E tutti, me compresa, pensiamo: cara grazia che il CPIA esiste, e poche lamentele.&nbsp;<\/p>\n\n\n\n<p>Perch\u00e8?<\/p>\n\n\n\n<p>Perch\u00e9 alla nostra comunit\u00e0 non dovrebbe interessare di dare a questi adulti una possibilit\u00e0 d\u2019istruzione minima, di conoscenza della lingua e delle nozioni di base della nostra societ\u00e0?&nbsp;<\/p>\n\n\n\n<p>Io ho un\u2019idea dei perch\u00e9:&nbsp;<\/p>\n\n\n\n<ul class=\"wp-block-list\">\n<li>perch\u00e9 avere degli schiavi \u00e8 comodo e per avere schiavi \u00e8 importante che non sappiano difendersi, che conoscano male la lingua, che non abbiano documenti e siano illegali, ma per colpa loro che non si sono impegnati abbastanza.&nbsp;<\/li>\n\n\n\n<li>perch\u00e9, se gi\u00e0 non ci sono soldi per i nostri ragazzi al mattino, di certo non ne spenderemo per questi stranieri della sera (poco conta che i soldi ci sarebbero se non venissero spesi in altro).<\/li>\n\n\n\n<li>perch\u00e9 non sono un bacino di utenza interessante o remunerativa, non cempreranno zaini costosi, non riempiranno gli astucci di penne colorate e non finanzieranno l\u2019indotto delle uscite didattiche. Quindi possiamo dimenticarcene.<\/li>\n<\/ul>\n\n\n\n<p>Il CPIA per\u00f2 dovrebbe essere un campanello d\u2019allarme: la scuola pubblica \u00e8 messa male, tenuta in piedi dalla buona volont\u00e0 del corpo docente, ma potrebbe peggiorare. Potrebbe peggiorare di molto, perch\u00e9 il CPIA, che, ricordiamocelo, \u00e8 scuola pubblica, \u00e8 gi\u00e0 messo molto molto peggio.<\/p>\n","protected":false},"excerpt":{"rendered":"<p>In questi giorni sto vivendo una doppia vita.&nbsp; Le mattine insegno, come ho sempre fatto, in una classe piena di preadolescenti provenienti da qualsiasi contesto e da qualsiasi famiglia.&nbsp; Le nostre classi riuniscono ragazzi di famiglie italianissime, ragazzi nati qui da genitori migranti, ragazzi che hanno vissuto in prima persona la migrazione, ragazzi che vivono [&hellip;]<\/p>\n","protected":false},"author":1,"featured_media":0,"comment_status":"open","ping_status":"open","sticky":false,"template":"","format":"standard","meta":{"footnotes":""},"categories":[1],"tags":[8],"class_list":["post-91","post","type-post","status-publish","format-standard","hentry","category-senza-categoria","tag-cpia"],"_links":{"self":[{"href":"https:\/\/sommersi-e-salvati.org\/index.php?rest_route=\/wp\/v2\/posts\/91","targetHints":{"allow":["GET"]}}],"collection":[{"href":"https:\/\/sommersi-e-salvati.org\/index.php?rest_route=\/wp\/v2\/posts"}],"about":[{"href":"https:\/\/sommersi-e-salvati.org\/index.php?rest_route=\/wp\/v2\/types\/post"}],"author":[{"embeddable":true,"href":"https:\/\/sommersi-e-salvati.org\/index.php?rest_route=\/wp\/v2\/users\/1"}],"replies":[{"embeddable":true,"href":"https:\/\/sommersi-e-salvati.org\/index.php?rest_route=%2Fwp%2Fv2%2Fcomments&post=91"}],"version-history":[{"count":2,"href":"https:\/\/sommersi-e-salvati.org\/index.php?rest_route=\/wp\/v2\/posts\/91\/revisions"}],"predecessor-version":[{"id":94,"href":"https:\/\/sommersi-e-salvati.org\/index.php?rest_route=\/wp\/v2\/posts\/91\/revisions\/94"}],"wp:attachment":[{"href":"https:\/\/sommersi-e-salvati.org\/index.php?rest_route=%2Fwp%2Fv2%2Fmedia&parent=91"}],"wp:term":[{"taxonomy":"category","embeddable":true,"href":"https:\/\/sommersi-e-salvati.org\/index.php?rest_route=%2Fwp%2Fv2%2Fcategories&post=91"},{"taxonomy":"post_tag","embeddable":true,"href":"https:\/\/sommersi-e-salvati.org\/index.php?rest_route=%2Fwp%2Fv2%2Ftags&post=91"}],"curies":[{"name":"wp","href":"https:\/\/api.w.org\/{rel}","templated":true}]}}