{"id":83,"date":"2025-10-16T14:25:09","date_gmt":"2025-10-16T12:25:09","guid":{"rendered":"https:\/\/sommersi-e-salvati.org\/?p=83"},"modified":"2025-10-16T14:25:09","modified_gmt":"2025-10-16T12:25:09","slug":"di-quando-ci-si-gonfiano-le-penne","status":"publish","type":"post","link":"https:\/\/sommersi-e-salvati.org\/?p=83","title":{"rendered":"Di quando ci si gonfiano le penne"},"content":{"rendered":"\n<p>Oggi una mia ex studentessa mi ha scritto su Instagram.&nbsp;<\/p>\n\n\n\n<p class=\"has-small-font-size\"><em>S\u00ec, quando escono dalla terza gli lascio i miei contatti social, scelta controversa<\/em>.\u00a0<\/p>\n\n\n\n<p>Ad ogni modo una mia studentessa oggi mi ha scritto su Instagram.&nbsp;<\/p>\n\n\n\n<p>&#8220;Buonasera prof, le volevo dire che ho iniziato il liceo. Bello, ma mi mancano le sue lezioni.\u201d<\/p>\n\n\n\n<p>Gli ho detto, intanto, di smetterla di chiamarmi prof, perch\u00e9 io, la sua prof, non lo sono pi\u00f9.&nbsp;<\/p>\n\n\n\n<p>Ho pensato a un discorso fatto col mio psicologo qualche tempo fa.&nbsp;<\/p>\n\n\n\n<p class=\"has-small-font-size\"><em>S\u00ec, vado dallo psicologo e penso dovrebbero farlo tutti i colleghi e le colleghe. Anzi penso che gli istituti scolastici dovrebbero mettere a disposizione lo psicologo non solo per i ragazzi e le ragazze, ma anche per noi. Non perch\u00e9 siamo tutti matti, anche se\u2026ma perch\u00e9 facciamo un lavoro che comporta uno stress emotivo fortissimo e che, come tutti i lavori di cura, richiede una gestione delle relazioni umane molto raffinata.\u00a0<\/em><\/p>\n\n\n\n<p>Ad ogni modo con il mio psicologo qualche tempo fa parlavamo di quanto questo lavoro ti droghi di riconoscimento.&nbsp;<\/p>\n\n\n\n<p>Io lo ammetto: quando i ragazzi mi scrivono o mi dicono queste cose mi si gonfiano tutte le penne.&nbsp;<\/p>\n\n\n\n<figure class=\"wp-block-image size-full\"><img loading=\"lazy\" decoding=\"async\" width=\"500\" height=\"500\" src=\"https:\/\/sommersi-e-salvati.org\/wp-content\/uploads\/2025\/10\/pavone.jpg\" alt=\"\" class=\"wp-image-84\" srcset=\"https:\/\/sommersi-e-salvati.org\/wp-content\/uploads\/2025\/10\/pavone.jpg 500w, https:\/\/sommersi-e-salvati.org\/wp-content\/uploads\/2025\/10\/pavone-300x300.jpg 300w, https:\/\/sommersi-e-salvati.org\/wp-content\/uploads\/2025\/10\/pavone-150x150.jpg 150w\" sizes=\"auto, (max-width: 500px) 100vw, 500px\" \/><figcaption class=\"wp-element-caption\">Il pavone sar\u00e0 l&#8217;animale simbolo del mio orgoglio da docente<\/figcaption><\/figure>\n\n\n\n<p>Penso succeda a molti.&nbsp;<\/p>\n\n\n\n<p>E va benissimo che succeda.&nbsp;<\/p>\n\n\n\n<p>Per\u00f2\u2026<\/p>\n\n\n\n<p>Bisogna anche stare molto attenti a non rincorrere questa sensazione.&nbsp;<\/p>\n\n\n\n<p>Essere &#8220;il professore che ti cambia la vita\u201d o pi\u00f9 banalmente &#8220;andare d&#8217;accordo coi ragazzi\u201d non pu\u00f2 e non deve essere l&#8217;obiettivo della nostra relazione educativa.&nbsp;<\/p>\n\n\n\n<p>Ci saranno volte, ed \u00e8 normale che sia cos\u00ec, in cui non piaceremo ai genitori, non piaceremo ai colleghi e non piacereremo ai nostri ragazzi.&nbsp;<\/p>\n\n\n\n<p>Di tutta quella terza la ragazza che mi ha scritto su Instagram \u00e8 probabilmente l&#8217;unica per la quale sono stata una figura di riferimento cos\u00ec importante.&nbsp;<\/p>\n\n\n\n<p>Perch\u00e9?&nbsp;<\/p>\n\n\n\n<p>Probabilmente per mille ragioni diverse che non \u00e8 nemmeno interessante indagare.&nbsp;<\/p>\n\n\n\n<p>La questione \u00e8 che l\u00e0 fuori ci sono altri 23 ragazzi di quella stessa classe che non mi scriveranno sui social per dirmi che gli mancano le mie lezioni. E questo \u00e8 molto normale. Probabilmente qualcuno di loro sar\u00e0 felicissimo di non vedermi mai pi\u00f9, punto. E anche questo \u00e8 normale.&nbsp;<\/p>\n\n\n\n<p>E io devo ricordami che \u00e8 normale, non devo cadere nella seducente trappola di rincorrere ogni giorno quello zuccherino di riconoscimento esterno.&nbsp;<\/p>\n\n\n\n<p>Devo fare attenzione perch\u00e9 altrimenti pu\u00f2 capitare che io finisca a essere troppo compiacente sia con i ragazzi che coi genitori, con i colleghi o con la dirigenza e a piegare le logiche del mio agire educativo alla loro approvazione.&nbsp;<\/p>\n\n\n\n<p>Vi \u00e8 mai capitato di farlo anche inconsciamente?&nbsp;<\/p>\n\n\n\n<p>Avete sempre messo le ragioni educative e didattiche davanti alla volont\u00e0 di compiacere alunni, genitori, colleghi e dirigenti?&nbsp;<\/p>\n\n\n\n<p>Avete mai cambiato qualcosa della vostra didattica o della vostra relazione educativa per fare in modo di non risultare il o la docente che:<\/p>\n\n\n\n<ul class=\"wp-block-list\">\n<li>\u00e8 troppo morbida coi ragazzi\u00a0<\/li>\n\n\n\n<li>\u00e8 troppo rigida coi ragazzi\u00a0<\/li>\n\n\n\n<li>da troppi compiti\u00a0<\/li>\n\n\n\n<li>da troppi pochi compiti\u00a0<\/li>\n\n\n\n<li>fa troppe verifiche\u00a0<\/li>\n\n\n\n<li>fatroppe poche verifiche\u00a0<\/li>\n\n\n\n<li>spiega troppo in fretta\u00a0<\/li>\n\n\n\n<li>spiega troppo lentamente.\u00a0<\/li>\n<\/ul>\n\n\n\n<p>Accettare i feedback esterni pu\u00f2 essere un&#8217;ottima cosa. Mettersi in discussione \u00e8 sempre un&#8217;ottima cosa, ma \u00e8 diverso rispetto al modificare un comportamento professionale in cui si crede per vedersi riconosciuta una competenza, un&#8217;abilit\u00e0 dal contesto intorno a noi.&nbsp;<\/p>\n\n\n\n<p>In una societ\u00e0 che ci svaluta, che ci mortifica professionalmente ogni giorno, \u00e8 assolutamente umano e ragionevole avere voglia di ricevere un messaggio che ci ringrazia per il nostro lavoro e che ci ricorda che s\u00ec, siamo professionisti altamente qualificati in grado di fare un lavoro difficilissimo.&nbsp;<\/p>\n\n\n\n<p>Per quanto sia perfettamente umano, per\u00f2, non possiamo lasciare che questo nostro bisogno alteri le nostre capacit\u00e0.<\/p>\n","protected":false},"excerpt":{"rendered":"<p>Oggi una mia ex studentessa mi ha scritto su Instagram.&nbsp; S\u00ec, quando escono dalla terza gli lascio i miei contatti social, scelta controversa.\u00a0 Ad ogni modo una mia studentessa oggi mi ha scritto su Instagram.&nbsp; &#8220;Buonasera prof, le volevo dire che ho iniziato il liceo. Bello, ma mi mancano le sue lezioni.\u201d Gli ho detto, [&hellip;]<\/p>\n","protected":false},"author":1,"featured_media":0,"comment_status":"open","ping_status":"open","sticky":false,"template":"","format":"standard","meta":{"footnotes":""},"categories":[1],"tags":[],"class_list":["post-83","post","type-post","status-publish","format-standard","hentry","category-senza-categoria"],"_links":{"self":[{"href":"https:\/\/sommersi-e-salvati.org\/index.php?rest_route=\/wp\/v2\/posts\/83","targetHints":{"allow":["GET"]}}],"collection":[{"href":"https:\/\/sommersi-e-salvati.org\/index.php?rest_route=\/wp\/v2\/posts"}],"about":[{"href":"https:\/\/sommersi-e-salvati.org\/index.php?rest_route=\/wp\/v2\/types\/post"}],"author":[{"embeddable":true,"href":"https:\/\/sommersi-e-salvati.org\/index.php?rest_route=\/wp\/v2\/users\/1"}],"replies":[{"embeddable":true,"href":"https:\/\/sommersi-e-salvati.org\/index.php?rest_route=%2Fwp%2Fv2%2Fcomments&post=83"}],"version-history":[{"count":1,"href":"https:\/\/sommersi-e-salvati.org\/index.php?rest_route=\/wp\/v2\/posts\/83\/revisions"}],"predecessor-version":[{"id":85,"href":"https:\/\/sommersi-e-salvati.org\/index.php?rest_route=\/wp\/v2\/posts\/83\/revisions\/85"}],"wp:attachment":[{"href":"https:\/\/sommersi-e-salvati.org\/index.php?rest_route=%2Fwp%2Fv2%2Fmedia&parent=83"}],"wp:term":[{"taxonomy":"category","embeddable":true,"href":"https:\/\/sommersi-e-salvati.org\/index.php?rest_route=%2Fwp%2Fv2%2Fcategories&post=83"},{"taxonomy":"post_tag","embeddable":true,"href":"https:\/\/sommersi-e-salvati.org\/index.php?rest_route=%2Fwp%2Fv2%2Ftags&post=83"}],"curies":[{"name":"wp","href":"https:\/\/api.w.org\/{rel}","templated":true}]}}