{"id":75,"date":"2025-09-29T13:24:30","date_gmt":"2025-09-29T11:24:30","guid":{"rendered":"https:\/\/sommersi-e-salvati.org\/?p=75"},"modified":"2025-10-17T11:19:09","modified_gmt":"2025-10-17T09:19:09","slug":"anysha","status":"publish","type":"post","link":"https:\/\/sommersi-e-salvati.org\/?p=75","title":{"rendered":"Anysha"},"content":{"rendered":"\n<figure class=\"wp-block-image size-full\"><img loading=\"lazy\" decoding=\"async\" width=\"1024\" height=\"1024\" src=\"https:\/\/sommersi-e-salvati.org\/wp-content\/uploads\/2025\/09\/generated-image-5d66d704-e3d2-4fd5-a367-19d40e367a02.png\" alt=\"\" class=\"wp-image-76\" srcset=\"https:\/\/sommersi-e-salvati.org\/wp-content\/uploads\/2025\/09\/generated-image-5d66d704-e3d2-4fd5-a367-19d40e367a02.png 1024w, https:\/\/sommersi-e-salvati.org\/wp-content\/uploads\/2025\/09\/generated-image-5d66d704-e3d2-4fd5-a367-19d40e367a02-300x300.png 300w, https:\/\/sommersi-e-salvati.org\/wp-content\/uploads\/2025\/09\/generated-image-5d66d704-e3d2-4fd5-a367-19d40e367a02-150x150.png 150w, https:\/\/sommersi-e-salvati.org\/wp-content\/uploads\/2025\/09\/generated-image-5d66d704-e3d2-4fd5-a367-19d40e367a02-768x768.png 768w\" sizes=\"auto, (max-width: 1024px) 100vw, 1024px\" \/><\/figure>\n\n\n\n<p>Ci sono quartieri, strade, palazzi che portano il sottotono della povert\u00e0.&nbsp;<\/p>\n\n\n\n<p>Ho vissuto in molti posti diversi e li ho visti sempre, nelle citt\u00e0 e nei paesi.&nbsp;<\/p>\n\n\n\n<p>In uno di questi posti vive la famiglia di Anysha (nome di fantasia) che frequenta quella che quest\u2019anno non \u00e8 pi\u00f9 la mia classe.&nbsp;<\/p>\n\n\n\n<p>\u201cL\u2019unica ragazza nera della stanza\u201d.&nbsp;<\/p>\n\n\n\n<p>Mi ricordo la tensione in classe quando abbiamo affrontato la tratta degli schiavi in Storia. Le teste che si giravano a sentire \u201cnegriero\u201d.&nbsp;<\/p>\n\n\n\n<p>Nel globalizzato 2025 la \u201cn-word\u201d la conoscono anche i dodicenni e sanno benissimo che \u00e8 tab\u00f9.&nbsp;<\/p>\n\n\n\n<p>Ma lo sanno cosa vuol dire essere l\u2019unica ragazza nera in classe?&nbsp;<\/p>\n\n\n\n<p>Io no.&nbsp;<\/p>\n\n\n\n<p>Anysha a scuola andava bene (e non penso la cosa sia cambiata). Non eccellente, ma di certo sopra la media. Questo nonostante i vestiti troppo grandi, lo zaino troppo vecchio (fino a che ne ha vinto uno a un concorso di poesia) e l\u2019astuccio troppo vuoto.&nbsp;<\/p>\n\n\n\n<p>Anysha disegna benissimo, ma davvero benissimo. E da grande vuole fare l\u2019architetta.&nbsp;<\/p>\n\n\n\n<p>Non inizio nemmeno a dirvi perch\u00e9 questo sia un problema.&nbsp;<\/p>\n\n\n\n<p>I costi dell\u2019universit\u00e0, dei materiali\u2026 Anysha \u00e8 nata in una famiglia troppo povera per desideri cos\u00ec ricchi.&nbsp;<\/p>\n\n\n\n<p>L\u2019anno prossimo, per esempio, dovrebbe prendere un autobus per andare in un liceo, ma i soldi per l\u2019autobus non ci sono.&nbsp;<\/p>\n\n\n\n<p>Figuriamoci tutto il resto.&nbsp;<\/p>\n\n\n\n<p>Anysha vive una di quelle povert\u00e0 inaccessibili a me, incomprensibili e assolute. Vive in un mondo dove si possono non avere scarpe, dove mangiare pu\u00f2 essere una questione.&nbsp;<\/p>\n\n\n\n<p>Questi mondi esistono nelle nostre aule e nelle nostre citt\u00e0 e ci costringono a guardare dritto dritto negli occhi una ragazzina di dodici anni che vuole fare l\u2019architetta, ma \u00e8 nata nel mondo sbagliato.&nbsp;<\/p>\n\n\n\n<p>Volevo molto bene ad Anysha, davvero.&nbsp;<\/p>\n\n\n\n<p>Forse per questo una parte di me \u00e8 contenta di non essere in classe con lei quest\u2019anno.&nbsp;<\/p>\n\n\n\n<p>Perch\u00e9 questo \u00e8 l&#8217;anno dei consigli orientativi.&nbsp;<\/p>\n\n\n\n<p>Penso alla collega che ha preso il mio posto e mi chiedo: che consiglio dar\u00e0 ad Anysha? Terr\u00e0 conto delle sue capacit\u00e0 e delle sue aspirazioni e le consiglier\u00e0 un liceo (lasciando ad altri il compito di spezzarle il cuore), o terr\u00e0 conto delle possibilit\u00e0 economiche della famiglia?&nbsp;<\/p>\n\n\n\n<p>Cosa sarebbe giusto fare?&nbsp;<\/p>\n\n\n\n<p>Cosa sarebbe meglio per Anysha?&nbsp;<\/p>\n\n\n\n<p>Ma soprattutto, possibile che nel 2025 l\u2019Italia si trovi ancora nelle condizioni di metterci di fronte a una domanda del genere?\u00a0<br><\/p>\n","protected":false},"excerpt":{"rendered":"<p>Ci sono quartieri, strade, palazzi che portano il sottotono della povert\u00e0.&nbsp; Ho vissuto in molti posti diversi e li ho visti sempre, nelle citt\u00e0 e nei paesi.&nbsp; In uno di questi posti vive la famiglia di Anysha (nome di fantasia) che frequenta quella che quest\u2019anno non \u00e8 pi\u00f9 la mia classe.&nbsp; \u201cL\u2019unica ragazza nera della [&hellip;]<\/p>\n","protected":false},"author":1,"featured_media":0,"comment_status":"open","ping_status":"open","sticky":false,"template":"","format":"standard","meta":{"footnotes":""},"categories":[1],"tags":[6,7],"class_list":["post-75","post","type-post","status-publish","format-standard","hentry","category-senza-categoria","tag-scuola","tag-storie"],"_links":{"self":[{"href":"https:\/\/sommersi-e-salvati.org\/index.php?rest_route=\/wp\/v2\/posts\/75","targetHints":{"allow":["GET"]}}],"collection":[{"href":"https:\/\/sommersi-e-salvati.org\/index.php?rest_route=\/wp\/v2\/posts"}],"about":[{"href":"https:\/\/sommersi-e-salvati.org\/index.php?rest_route=\/wp\/v2\/types\/post"}],"author":[{"embeddable":true,"href":"https:\/\/sommersi-e-salvati.org\/index.php?rest_route=\/wp\/v2\/users\/1"}],"replies":[{"embeddable":true,"href":"https:\/\/sommersi-e-salvati.org\/index.php?rest_route=%2Fwp%2Fv2%2Fcomments&post=75"}],"version-history":[{"count":1,"href":"https:\/\/sommersi-e-salvati.org\/index.php?rest_route=\/wp\/v2\/posts\/75\/revisions"}],"predecessor-version":[{"id":77,"href":"https:\/\/sommersi-e-salvati.org\/index.php?rest_route=\/wp\/v2\/posts\/75\/revisions\/77"}],"wp:attachment":[{"href":"https:\/\/sommersi-e-salvati.org\/index.php?rest_route=%2Fwp%2Fv2%2Fmedia&parent=75"}],"wp:term":[{"taxonomy":"category","embeddable":true,"href":"https:\/\/sommersi-e-salvati.org\/index.php?rest_route=%2Fwp%2Fv2%2Fcategories&post=75"},{"taxonomy":"post_tag","embeddable":true,"href":"https:\/\/sommersi-e-salvati.org\/index.php?rest_route=%2Fwp%2Fv2%2Ftags&post=75"}],"curies":[{"name":"wp","href":"https:\/\/api.w.org\/{rel}","templated":true}]}}