{"id":62,"date":"2025-09-22T23:12:44","date_gmt":"2025-09-22T21:12:44","guid":{"rendered":"https:\/\/sommersi-e-salvati.org\/?p=62"},"modified":"2025-09-24T12:51:13","modified_gmt":"2025-09-24T10:51:13","slug":"oggi-sciopero","status":"publish","type":"post","link":"https:\/\/sommersi-e-salvati.org\/?p=62","title":{"rendered":"Oggi sciopero"},"content":{"rendered":"\n<figure class=\"wp-block-image size-large\"><img loading=\"lazy\" decoding=\"async\" width=\"1024\" height=\"768\" src=\"https:\/\/sommersi-e-salvati.org\/wp-content\/uploads\/2025\/09\/WhatsApp-Image-2025-09-22-at-17.28.57-1-1024x768.jpeg\" alt=\"\" class=\"wp-image-63\" srcset=\"https:\/\/sommersi-e-salvati.org\/wp-content\/uploads\/2025\/09\/WhatsApp-Image-2025-09-22-at-17.28.57-1-1024x768.jpeg 1024w, https:\/\/sommersi-e-salvati.org\/wp-content\/uploads\/2025\/09\/WhatsApp-Image-2025-09-22-at-17.28.57-1-300x225.jpeg 300w, https:\/\/sommersi-e-salvati.org\/wp-content\/uploads\/2025\/09\/WhatsApp-Image-2025-09-22-at-17.28.57-1-768x576.jpeg 768w, https:\/\/sommersi-e-salvati.org\/wp-content\/uploads\/2025\/09\/WhatsApp-Image-2025-09-22-at-17.28.57-1-1536x1152.jpeg 1536w, https:\/\/sommersi-e-salvati.org\/wp-content\/uploads\/2025\/09\/WhatsApp-Image-2025-09-22-at-17.28.57-1.jpeg 1600w\" sizes=\"auto, (max-width: 1024px) 100vw, 1024px\" \/><figcaption class=\"wp-element-caption\">La marea di gente che si \u00e8 riversata oggi a Torino<\/figcaption><\/figure>\n\n\n\n<p>Oggi sciopero.<\/p>\n\n\n\n<p>Perch\u00e9 quello che sta succedendo \u00e8 atroce, per le foto delle macerie, per i civili sotto le bombe, per gli ospedali e le scuole ridotte in cenere.<\/p>\n\n\n\n<p>E come sempre, quando sciopero, sento i colleghi, quelli che so avere una certa sensibilit\u00e0 politica.<br><br>I<em>o s\u00ec, ci vediamo in corteo.<\/em><\/p>\n\n\n\n<p><em>Io vorrei, ma poi penso a Tommi da solo in classe\u2026<\/em><\/p>\n\n\n\n<p><em>Io ho dimenticato di rispondere al modulo e la dirigente l\u2019ulitma volta ha minacciato provvedimenti disciplinari.<\/em><\/p>\n\n\n\n<p><em>Io ho appena preso la supplenza, come faccio a scioperare?<br><br>Io avevo gi\u00e0 fissato il test d\u2019ingresso\u2026<\/em><\/p>\n\n\n\n<p>La paura di fare rumore, la paura di creare disagio, di dover discutere, di sentirsi rimproverare, dei mormorii nei corridoi hanno fermato tanti e tante.<\/p>\n\n\n\n<p>Perch\u00e9 \u00e8 diventato cos\u00ec difficile agire il conflitto? Perch\u00e9 \u00e8 diventato difficile fare rumore, mandare in crisi le segreterie, scontentare i genitori?<br>Perch\u00e9 non siamo pi\u00f9 abbastanza arrabbiati da fregarcene di tutto il resto?<\/p>\n\n\n\n<p>Ci hanno rubato la rabbia, l\u2019hanno nascosta sotto una coltre di stanchezza e rassegnazione, di obblighi, di fogli da compilare, di ricatti morali e materiali.<\/p>\n\n\n\n<p>L\u2019unica speranza che mi consola \u00e8 che la nostra rabbia, di noi che stiamo a scuola e non abbiamo bisogno di una definizione di bambino per sapere benissimo che cosa sia, possono averla s\u00ec rubata, ma non distrutta.<\/p>\n\n\n\n<p>Da qualche parte dev\u2019essere, e forse dobbiamo solo liberarla.<\/p>\n\n\n\n<p>Prima di tutto smettendo di non sentirci legittimati: abbiamo tutti i diritti di essere arrabbiati per quello che sta succedendo (s\u00ec, nonostante i \u201ctre mesi in estate\u201d e il \u201clavoro pi\u00f9 bello del mondo\u201d) possiamo arrabbiarci per un genocidio in atto.<br>Anzi, dobbiamo arrabbiarci: un bullo, forte della copertura di un bullo ancora peggiore, si sta permettendo di violare ogni legge internazionale e ogni decenza morale. L\u2019ingiustizia che vediamo compiersi giornalmente senza che i nostri governi parlino DEVE farci ribollire il sangue nelle vene, altrimenti significa che abbiamo perso la nostra umanit\u00e0.<\/p>\n\n\n\n<p>E no, non \u00e8 vero che scioperare \u00e8 fare un torto ai nostri ragazzi: scioperare \u00e8 dare l\u2019esempio e noi dovremmo farlo proprio per i nostri ragazzi.<\/p>\n\n\n\n<p>Che idea stiamo passando loro se davanti a tutto questo non facciamo nulla?<br>Possiamo fare miliardi di ore di educazione civica, ma cosa c\u2019\u00e8 di pi\u00f9 educativo dell\u2019esempio di un adulto che mette in gioco se stesso, il proprio lavoro e il proprio corpo contro l\u2019ingiustizia evidente?<\/p>\n\n\n\n<p>I genitori borbotteranno, certo che borbotteranno per il disagio. Diranno che non ero in classe solo per farmi il weekend lungo.<\/p>\n\n\n\n<p>Va bene.<\/p>\n\n\n\n<p>Mostreremo le stazioni bloccate, le strade in panne, i porti in rivolta e i carichi di armi fermi.<br>E quando i ragazzi saranno diventati grandi abbastanza ripenseranno a questi giorni e sapranno dov\u2019erano i loro professori: a fare la storia dalla parte giusta.<br><br>Anche questa \u00e8 istruzione, anche questa \u00e8 educazione.<\/p>\n","protected":false},"excerpt":{"rendered":"<p>Oggi sciopero. Perch\u00e9 quello che sta succedendo \u00e8 atroce, per le foto delle macerie, per i civili sotto le bombe, per gli ospedali e le scuole ridotte in cenere. E come sempre, quando sciopero, sento i colleghi, quelli che so avere una certa sensibilit\u00e0 politica. Io s\u00ec, ci vediamo in corteo. Io vorrei, ma poi [&hellip;]<\/p>\n","protected":false},"author":1,"featured_media":0,"comment_status":"open","ping_status":"open","sticky":false,"template":"","format":"standard","meta":{"footnotes":""},"categories":[1],"tags":[],"class_list":["post-62","post","type-post","status-publish","format-standard","hentry","category-senza-categoria"],"_links":{"self":[{"href":"https:\/\/sommersi-e-salvati.org\/index.php?rest_route=\/wp\/v2\/posts\/62","targetHints":{"allow":["GET"]}}],"collection":[{"href":"https:\/\/sommersi-e-salvati.org\/index.php?rest_route=\/wp\/v2\/posts"}],"about":[{"href":"https:\/\/sommersi-e-salvati.org\/index.php?rest_route=\/wp\/v2\/types\/post"}],"author":[{"embeddable":true,"href":"https:\/\/sommersi-e-salvati.org\/index.php?rest_route=\/wp\/v2\/users\/1"}],"replies":[{"embeddable":true,"href":"https:\/\/sommersi-e-salvati.org\/index.php?rest_route=%2Fwp%2Fv2%2Fcomments&post=62"}],"version-history":[{"count":2,"href":"https:\/\/sommersi-e-salvati.org\/index.php?rest_route=\/wp\/v2\/posts\/62\/revisions"}],"predecessor-version":[{"id":67,"href":"https:\/\/sommersi-e-salvati.org\/index.php?rest_route=\/wp\/v2\/posts\/62\/revisions\/67"}],"wp:attachment":[{"href":"https:\/\/sommersi-e-salvati.org\/index.php?rest_route=%2Fwp%2Fv2%2Fmedia&parent=62"}],"wp:term":[{"taxonomy":"category","embeddable":true,"href":"https:\/\/sommersi-e-salvati.org\/index.php?rest_route=%2Fwp%2Fv2%2Fcategories&post=62"},{"taxonomy":"post_tag","embeddable":true,"href":"https:\/\/sommersi-e-salvati.org\/index.php?rest_route=%2Fwp%2Fv2%2Ftags&post=62"}],"curies":[{"name":"wp","href":"https:\/\/api.w.org\/{rel}","templated":true}]}}