{"id":105,"date":"2025-12-19T10:27:00","date_gmt":"2025-12-19T09:27:00","guid":{"rendered":"https:\/\/sommersi-e-salvati.org\/?p=105"},"modified":"2025-12-19T10:27:00","modified_gmt":"2025-12-19T09:27:00","slug":"cose-belle-educare-alla-lettura","status":"publish","type":"post","link":"https:\/\/sommersi-e-salvati.org\/?p=105","title":{"rendered":"Cose belle: Educare alla Lettura"},"content":{"rendered":"\n<p>Ci sono momenti che riempiono di senso il mio lavoro, momenti che sono come una boccata d\u2019aria fresca in mezzo al puzzo di marciume stagnante che spesso appesta le nostre aule.<\/p>\n\n\n\n<p>Ricordarsi che esistono spazi di riflessione e di incontro tra professioniste e professionisti della scuola e dell\u2019educazione che hanno voglia, bisogno, di fare il proprio lavoro con cura e con una bussola etica, utopica, forte, fa bene all\u2019animo ed \u00e8 spesso difficile nella quotidianit\u00e0 della nostra scuola allo stremo.<\/p>\n\n\n\n<p>Per questo tengo molto a queste righe che spendo pi\u00f9 che volentieri, un po\u2019 per aiutare chi, come me, \u00e8 agli inizi di una carriera e sta ancora cercando il suo modo, le sue persone e le sue parole di riferimento, un po\u2019 per ringraziare di cuore tutte le persone che sto incontrando e che stanno spendendosi per portare avanti un lavoro pregevole e importante.<\/p>\n\n\n\n<p>Voglio citare al riguardo, prima di tutto, un percorso ancora in itinere e a cui \u00e8 ancora possibile accedere:<\/p>\n\n\n\n<figure class=\"wp-block-image\"><a class=\"image-link image2 is-viewable-img can-restack\" href=\"https:\/\/substackcdn.com\/image\/fetch\/$s_!kJvF!,f_auto,q_auto:good,fl_progressive:steep\/https%3A%2F%2Fsubstack-post-media.s3.amazonaws.com%2Fpublic%2Fimages%2F1cc32c30-9f4a-47f8-8e28-b3fb00e15bab_537x529.png\" target=\"_blank\" rel=\"noreferrer noopener\"><img decoding=\"async\" src=\"https:\/\/substackcdn.com\/image\/fetch\/$s_!kJvF!,w_1456,c_limit,f_auto,q_auto:good,fl_progressive:steep\/https%3A%2F%2Fsubstack-post-media.s3.amazonaws.com%2Fpublic%2Fimages%2F1cc32c30-9f4a-47f8-8e28-b3fb00e15bab_537x529.png\" alt=\"\"\/><\/a><\/figure>\n\n\n\n<p>Il percorso di formazione&nbsp;<em>Educare alla Lettura &#8211; Leggere cambia il mondo&nbsp;<\/em>organizzato dal Salone del Libro di Torino, con Simone Giusti e Giusy Marchetta. Sentire parlare cos\u00ec chiaramente e cos\u00ec bene della lettura nelle classi, del suo significato formativo, delle criticit\u00e0 dell\u2019accesso e dell\u2019inclusione che la scelta del canone si porta dietro, con persone di grande spessore e profondit\u00e0 di pensiero, \u00e8 un\u2019esperienza che sento di consigliare a chiunque ami questo mestiere, prima di tutto per il piacere di farlo, in secondo luogo per la crescita professionale che porta. Per altro, vengono messi a disposizione dei kit didattici molto interessanti da poter sperimentare nella propria didattica.<\/p>\n\n\n\n<p>Simone Giusti, Giusy Marchetta, Federico Batini, sono anche tra gli organizzatori di&nbsp;<em>Le Storie Siamo Noi<\/em>, convegno bellissimo che si \u00e8 svolto a Torino qualche weekend fa sull\u2019orientamento narrativo, che ha raccolto esperienze e ricerche che parlano di una scuola umana, di vita. Ragionamenti lontani dall\u2019idea di una scuola-azienda dove ogni cosa sia spendibile sul mondo del lavoro, ma che parlano della potenza della riscrittura di s\u00e9 come atto liberatorio, come atto emancipatorio.<\/p>\n\n\n\n<p><em>La scuola che libera dalle catene della classe.<\/em><\/p>\n\n\n\n<p>Questa \u00e8 una scuola per la quale ha senso lottare, ha senso impazzire con i maledetti corsi abilitanti, ha senso stracciarsi le vesti per restare in classe, se la scuola pu\u00f2 essere questo.<\/p>\n\n\n\n<p>Dunque questo \u00e8 un post di invito a quelle colleghe e a quei colleghi che faticano e arrancano nel pantano di ogni giorno e iniziano a chiedersi che senso ha.<br>Concediamoci ogni tanto uno di questi momenti, prendiamo aria e ricordiamoci perch\u00e9 lo stiamo facendo, che non siamo gli unici l\u00ec fuori che ci stanno provando.<\/p>\n","protected":false},"excerpt":{"rendered":"<p>Ci sono momenti che riempiono di senso il mio lavoro, momenti che sono come una boccata d\u2019aria fresca in mezzo al puzzo di marciume stagnante che spesso appesta le nostre aule. Ricordarsi che esistono spazi di riflessione e di incontro tra professioniste e professionisti della scuola e dell\u2019educazione che hanno voglia, bisogno, di fare il [&hellip;]<\/p>\n","protected":false},"author":1,"featured_media":0,"comment_status":"open","ping_status":"open","sticky":false,"template":"","format":"standard","meta":{"footnotes":""},"categories":[1],"tags":[13,12,6],"class_list":["post-105","post","type-post","status-publish","format-standard","hentry","category-senza-categoria","tag-cose-belle","tag-formazione","tag-scuola"],"_links":{"self":[{"href":"https:\/\/sommersi-e-salvati.org\/index.php?rest_route=\/wp\/v2\/posts\/105","targetHints":{"allow":["GET"]}}],"collection":[{"href":"https:\/\/sommersi-e-salvati.org\/index.php?rest_route=\/wp\/v2\/posts"}],"about":[{"href":"https:\/\/sommersi-e-salvati.org\/index.php?rest_route=\/wp\/v2\/types\/post"}],"author":[{"embeddable":true,"href":"https:\/\/sommersi-e-salvati.org\/index.php?rest_route=\/wp\/v2\/users\/1"}],"replies":[{"embeddable":true,"href":"https:\/\/sommersi-e-salvati.org\/index.php?rest_route=%2Fwp%2Fv2%2Fcomments&post=105"}],"version-history":[{"count":1,"href":"https:\/\/sommersi-e-salvati.org\/index.php?rest_route=\/wp\/v2\/posts\/105\/revisions"}],"predecessor-version":[{"id":106,"href":"https:\/\/sommersi-e-salvati.org\/index.php?rest_route=\/wp\/v2\/posts\/105\/revisions\/106"}],"wp:attachment":[{"href":"https:\/\/sommersi-e-salvati.org\/index.php?rest_route=%2Fwp%2Fv2%2Fmedia&parent=105"}],"wp:term":[{"taxonomy":"category","embeddable":true,"href":"https:\/\/sommersi-e-salvati.org\/index.php?rest_route=%2Fwp%2Fv2%2Fcategories&post=105"},{"taxonomy":"post_tag","embeddable":true,"href":"https:\/\/sommersi-e-salvati.org\/index.php?rest_route=%2Fwp%2Fv2%2Ftags&post=105"}],"curies":[{"name":"wp","href":"https:\/\/api.w.org\/{rel}","templated":true}]}}